{"id":16826,"global_id":"ppee.unb.br?id=16826","global_id_lineage":["ppee.unb.br?id=16826"],"author":"12","status":"publish","date":"2025-12-05 14:08:15","date_utc":"2025-12-05 17:08:15","modified":"2025-12-05 14:08:15","modified_utc":"2025-12-05 17:08:15","url":"https:\/\/ppee.unb.br\/?tribe_events=edital-n081-periodo-de-requerimentos-de-reconsideracao-e-de-recursos-da-classificacao-preliminar","rest_url":"https:\/\/ppee.unb.br\/index.php?rest_route=\/tribe\/events\/v1\/events\/16826","title":"Edital N081 &#8211; Per\u00edodo de requerimentos de reconsidera\u00e7\u00e3o e de recursos da classifica\u00e7\u00e3o preliminar","description":"","excerpt":"","slug":"edital-n081-periodo-de-requerimentos-de-reconsideracao-e-de-recursos-da-classificacao-preliminar","image":false,"all_day":false,"start_date":"2026-03-05 08:00:00","start_date_details":{"year":"2026","month":"03","day":"05","hour":"08","minutes":"00","seconds":"00"},"end_date":"2026-03-06 17:00:00","end_date_details":{"year":"2026","month":"03","day":"06","hour":"17","minutes":"00","seconds":"00"},"utc_start_date":"2026-03-05 11:00:00","utc_start_date_details":{"year":"2026","month":"03","day":"05","hour":"11","minutes":"00","seconds":"00"},"utc_end_date":"2026-03-06 20:00:00","utc_end_date_details":{"year":"2026","month":"03","day":"06","hour":"20","minutes":"00","seconds":"00"},"timezone":"America\/Sao_Paulo","timezone_abbr":"-03","cost":"","cost_details":{"currency_symbol":"","currency_code":"","currency_position":"prefix","values":[]},"website":"","show_map":true,"show_map_link":true,"hide_from_listings":false,"sticky":false,"featured":false,"categories":[{"name":"Edital de sele\u00e7\u00e3o","slug":"ultimos-editais","term_group":0,"term_taxonomy_id":6,"taxonomy":"tribe_events_cat","description":"","parent":0,"count":189,"filter":"raw","id":6,"urls":{"self":"https:\/\/ppee.unb.br\/index.php?rest_route=\/tribe\/events\/v1\/categories\/6","collection":"https:\/\/ppee.unb.br\/index.php?rest_route=\/tribe\/events\/v1\/categories"}}],"tags":[],"venue":[],"organizer":[],"json_ld":{"@context":"http:\/\/schema.org","@type":"Event","name":"Edital N081 &#8211; Per\u00edodo de requerimentos de reconsidera\u00e7\u00e3o e de recursos da classifica\u00e7\u00e3o preliminar","description":"","url":"https:\/\/ppee.unb.br\/?tribe_events=edital-n081-periodo-de-requerimentos-de-reconsideracao-e-de-recursos-da-classificacao-preliminar","eventAttendanceMode":"https:\/\/schema.org\/OfflineEventAttendanceMode","eventStatus":"https:\/\/schema.org\/EventScheduled","startDate":"2026-03-05T08:00:00-03:00","endDate":"2026-03-06T17:00:00-03:00","performer":"Organization"}}