{"id":17194,"date":"2026-01-08T13:28:43","date_gmt":"2026-01-08T16:28:43","guid":{"rendered":"https:\/\/ppee.unb.br\/?p=17194"},"modified":"2026-01-08T13:28:44","modified_gmt":"2026-01-08T16:28:44","slug":"ppee-anuncia-mudanca-na-coordenacao-a-partir-de-janeiro-de-2026","status":"publish","type":"post","link":"https:\/\/ppee.unb.br\/?p=17194","title":{"rendered":"PPEE anuncia mudan\u00e7a na Coordena\u00e7\u00e3o a partir de janeiro de 2026"},"content":{"rendered":"\n<p>O Programa de P\u00f3s-Gradua\u00e7\u00e3o Profissional em Engenharia El\u00e9trica (PPEE) informa que, <strong>desde 1\u00ba de janeiro de 2026<\/strong>, est\u00e1 em vigor a nova composi\u00e7\u00e3o de sua coordena\u00e7\u00e3o.<\/p>\n\n\n\n<p>O <strong>professor F\u00e1bio L\u00facio Lopes de Mendon\u00e7a<\/strong> assumiu a fun\u00e7\u00e3o de <strong>Coordenador do PPEE<\/strong>, tendo como <strong>Coordenador Substituto<\/strong> o <strong>professor William Ferreira Giozza<\/strong>.<\/p>\n\n\n\n<p>A mudan\u00e7a ocorre em virtude do afastamento do ent\u00e3o coordenador, <strong>professor Georges Daniel Amvame Nze<\/strong>, que iniciou um per\u00edodo de <strong>p\u00f3s-doutorado na Fran\u00e7a<\/strong>. Com isso, a coordena\u00e7\u00e3o passou a ser exercida pelo novo titular, com o apoio da coordena\u00e7\u00e3o substituta.<\/p>\n\n\n\n<p>O professor <strong>William Ferreira Giozza<\/strong> \u00e9 membro da <strong>Comiss\u00e3o de P\u00f3s-Gradua\u00e7\u00e3o (CPG\/PPEE)<\/strong> e possui experi\u00eancia na \u00e1rea, contribuindo para a continuidade das atividades acad\u00eamicas e administrativas do Programa.<\/p>\n\n\n\n<p>O PPEE agradece ao professor Georges Daniel Amvame Nze pela dedica\u00e7\u00e3o e relevantes contribui\u00e7\u00f5es durante sua gest\u00e3o e deseja pleno \u00eaxito em sua etapa de forma\u00e7\u00e3o no exterior. Ao mesmo tempo, deseja sucesso aos novos coordenadores na condu\u00e7\u00e3o do Programa.<\/p>\n","protected":false},"excerpt":{"rendered":"<p>O Programa de P\u00f3s-Gradua\u00e7\u00e3o Profissional em Engenharia El\u00e9trica (PPEE) informa que, desde 1\u00ba de janeiro de 2026, est\u00e1 em vigor a nova composi\u00e7\u00e3o de sua coordena\u00e7\u00e3o. O professor F\u00e1bio L\u00facio [&hellip;]<\/p>\n","protected":false},"author":12,"featured_media":9866,"comment_status":"open","ping_status":"open","sticky":true,"template":"","format":"standard","meta":[],"categories":[92],"tags":[],"_links":{"self":[{"href":"https:\/\/ppee.unb.br\/index.php?rest_route=\/wp\/v2\/posts\/17194"}],"collection":[{"href":"https:\/\/ppee.unb.br\/index.php?rest_route=\/wp\/v2\/posts"}],"about":[{"href":"https:\/\/ppee.unb.br\/index.php?rest_route=\/wp\/v2\/types\/post"}],"author":[{"embeddable":true,"href":"https:\/\/ppee.unb.br\/index.php?rest_route=\/wp\/v2\/users\/12"}],"replies":[{"embeddable":true,"href":"https:\/\/ppee.unb.br\/index.php?rest_route=%2Fwp%2Fv2%2Fcomments&post=17194"}],"version-history":[{"count":1,"href":"https:\/\/ppee.unb.br\/index.php?rest_route=\/wp\/v2\/posts\/17194\/revisions"}],"predecessor-version":[{"id":17195,"href":"https:\/\/ppee.unb.br\/index.php?rest_route=\/wp\/v2\/posts\/17194\/revisions\/17195"}],"wp:featuredmedia":[{"embeddable":true,"href":"https:\/\/ppee.unb.br\/index.php?rest_route=\/wp\/v2\/media\/9866"}],"wp:attachment":[{"href":"https:\/\/ppee.unb.br\/index.php?rest_route=%2Fwp%2Fv2%2Fmedia&parent=17194"}],"wp:term":[{"taxonomy":"category","embeddable":true,"href":"https:\/\/ppee.unb.br\/index.php?rest_route=%2Fwp%2Fv2%2Fcategories&post=17194"},{"taxonomy":"post_tag","embeddable":true,"href":"https:\/\/ppee.unb.br\/index.php?rest_route=%2Fwp%2Fv2%2Ftags&post=17194"}],"curies":[{"name":"wp","href":"https:\/\/api.w.org\/{rel}","templated":true}]}}